{"id":1795,"date":"2024-07-10T12:39:45","date_gmt":"2024-07-10T12:39:45","guid":{"rendered":"http:\/\/www.polonijnyrodzicna6.com\/?p=1795"},"modified":"2024-08-13T12:48:08","modified_gmt":"2024-08-13T12:48:08","slug":"wspaniale-jest-byc-polonijnym-rodzicem-na-6","status":"publish","type":"post","link":"https:\/\/www.polonijnyrodzicna6.com\/index.php\/2024\/07\/10\/wspaniale-jest-byc-polonijnym-rodzicem-na-6\/","title":{"rendered":"Wspaniale jest by\u0107 Polonijnym Rodzicem na 6!"},"content":{"rendered":"\n<p>Konkurs\u00a0<em>Polonijny Rodzic na 6<\/em>\u00a0zosta\u0142 zainicjowany przez Komisj\u0119 Kulturalno-O\u015bwiatow\u0105 \u201cSzko\u0142a Polska\u201d w Portland w ramach XV Zjazdu Nauczycieli Polonijnych i Komitet\u00f3w Rodzicielskich w Portland w 2018 roku. Celem konkursu jest docenienie zaanga\u017cowania oraz roli rodzica w rozwoju szko\u0142y polonijnej, w piel\u0119gnowaniu polsko\u015bci, polskiego j\u0119zyka, tradycji i kultury u swoich dzieci, inicjatywy i szczeg\u00f3lnych wp\u0142yw\u00f3w jakie dany rodzic ma na \u015brodowisko szkolne uczni\u00f3w szk\u00f3\u0142 polonijnych i we w\u0142asnym domu.\u00a0Z\u00a0koordynatork\u0105 mi\u0119dzynarodowego konkursu\u00a0<em>Polonijny Rodzic na 6,\u00a0<\/em>Renat\u0105 Dajnowsk\u0105, rozmawia Danuta \u015awi\u0105tek<strong>.<\/strong><\/p>\n\n\n\n<figure class=\"wp-block-embed is-type-wp-embed is-provider-dobra-szko-a-nowy-jork wp-block-embed-dobra-szko-a-nowy-jork\"><div class=\"wp-block-embed__wrapper\">\n<blockquote class=\"wp-embedded-content\" data-secret=\"SUj7X6Geuq\"><a href=\"https:\/\/dobraszkolanowyjork.com\/wspaniale-jest-byc-polonijnym-rodzicem-na-6\/\">Wspaniale jest by\u0107 Polonijnym Rodzicem na 6!<\/a><\/blockquote><iframe loading=\"lazy\" class=\"wp-embedded-content\" sandbox=\"allow-scripts\" security=\"restricted\" style=\"position: absolute; visibility: hidden;\" title=\"&#8222;Wspaniale jest by\u0107 Polonijnym Rodzicem na 6!&#8221; &#8212; Dobra Szko\u0142a Nowy Jork\" src=\"https:\/\/dobraszkolanowyjork.com\/wspaniale-jest-byc-polonijnym-rodzicem-na-6\/embed\/#?secret=cDZSnZMhUh#?secret=SUj7X6Geuq\" data-secret=\"SUj7X6Geuq\" width=\"500\" height=\"282\" frameborder=\"0\" marginwidth=\"0\" marginheight=\"0\" scrolling=\"no\"><\/iframe>\n<\/div><\/figure>\n","protected":false},"excerpt":{"rendered":"<p>Konkurs\u00a0Polonijny Rodzic na 6\u00a0zosta\u0142 zainicjowany przez Komisj\u0119 Kulturalno-O\u015bwiatow\u0105 \u201cSzko\u0142a Polska\u201d w Portland w ramach XV Zjazdu Nauczycieli Polonijnych i Komitet\u00f3w Rodzicielskich w Portland w 2018 roku. Celem konkursu jest docenienie zaanga\u017cowania oraz roli rodzica w rozwoju szko\u0142y polonijnej, w piel\u0119gnowaniu polsko\u015bci, polskiego j\u0119zyka, tradycji i kultury u swoich dzieci, inicjatywy i szczeg\u00f3lnych wp\u0142yw\u00f3w jakie dany<\/p>\n","protected":false},"author":1,"featured_media":1539,"comment_status":"closed","ping_status":"open","sticky":false,"template":"","format":"standard","meta":{"footnotes":""},"categories":[2,3],"tags":[],"class_list":["post-1795","post","type-post","status-publish","format-standard","has-post-thumbnail","hentry","category-aktualnosci","category-napisali-o-nas"],"_links":{"self":[{"href":"https:\/\/www.polonijnyrodzicna6.com\/index.php\/wp-json\/wp\/v2\/posts\/1795","targetHints":{"allow":["GET"]}}],"collection":[{"href":"https:\/\/www.polonijnyrodzicna6.com\/index.php\/wp-json\/wp\/v2\/posts"}],"about":[{"href":"https:\/\/www.polonijnyrodzicna6.com\/index.php\/wp-json\/wp\/v2\/types\/post"}],"author":[{"embeddable":true,"href":"https:\/\/www.polonijnyrodzicna6.com\/index.php\/wp-json\/wp\/v2\/users\/1"}],"replies":[{"embeddable":true,"href":"https:\/\/www.polonijnyrodzicna6.com\/index.php\/wp-json\/wp\/v2\/comments?post=1795"}],"version-history":[{"count":1,"href":"https:\/\/www.polonijnyrodzicna6.com\/index.php\/wp-json\/wp\/v2\/posts\/1795\/revisions"}],"predecessor-version":[{"id":1796,"href":"https:\/\/www.polonijnyrodzicna6.com\/index.php\/wp-json\/wp\/v2\/posts\/1795\/revisions\/1796"}],"wp:featuredmedia":[{"embeddable":true,"href":"https:\/\/www.polonijnyrodzicna6.com\/index.php\/wp-json\/wp\/v2\/media\/1539"}],"wp:attachment":[{"href":"https:\/\/www.polonijnyrodzicna6.com\/index.php\/wp-json\/wp\/v2\/media?parent=1795"}],"wp:term":[{"taxonomy":"category","embeddable":true,"href":"https:\/\/www.polonijnyrodzicna6.com\/index.php\/wp-json\/wp\/v2\/categories?post=1795"},{"taxonomy":"post_tag","embeddable":true,"href":"https:\/\/www.polonijnyrodzicna6.com\/index.php\/wp-json\/wp\/v2\/tags?post=1795"}],"curies":[{"name":"wp","href":"https:\/\/api.w.org\/{rel}","templated":true}]}}