{"id":1101,"date":"2022-07-05T08:23:29","date_gmt":"2022-07-05T08:23:29","guid":{"rendered":"http:\/\/www.polonijnyrodzicna6.com\/?p=1101"},"modified":"2022-08-27T05:22:52","modified_gmt":"2022-08-27T05:22:52","slug":"cykl-wywiadow","status":"publish","type":"post","link":"https:\/\/www.polonijnyrodzicna6.com\/index.php\/2022\/07\/05\/cykl-wywiadow\/","title":{"rendered":"Cykl wywiad\u00f3w"},"content":{"rendered":"\n<div style=\"height:20px\" aria-hidden=\"true\" class=\"wp-block-spacer\"><\/div>\n\n\n\n<p>Rozpocz\u0105\u0142 si\u0119 cykl wywiad\u00f3w z tegorocznymi laureatami.\u00a0Pani Danuta \u015awi\u0105tek, redaktorka portalu Dobra Szko\u0142a Nowy Jork przedstawia \u00a0sylwetki tegorocznych Polonijnych Rodzic\u00f3w na 6.\u00a0Zapraszamy na stron\u0119 FB naszego konkursu <strong><a rel=\"noreferrer noopener\" href=\"https:\/\/www.facebook.com\/polonijnyrodzicna6\/\" target=\"_blank\">https:\/\/www.facebook.com\/polonijnyrodzicna6\/<\/a><\/strong> i oraz stron\u0119 FB Dobrej Szko\u0142y Nowy Jork <a rel=\"noreferrer noopener\" href=\"https:\/\/www.facebook.com\/dobraszkolanowyjork\" target=\"_blank\"><strong>https:\/\/www.facebook.com\/dobraszkolanowyjork<\/strong><\/a><\/p>\n","protected":false},"excerpt":{"rendered":"<p>Rozpocz\u0105\u0142 si\u0119 cykl wywiad\u00f3w z tegorocznymi laureatami.\u00a0Pani Danuta \u015awi\u0105tek, redaktorka portalu Dobra Szko\u0142a Nowy Jork przedstawia \u00a0sylwetki tegorocznych Polonijnych Rodzic\u00f3w na 6.\u00a0Zapraszamy na stron\u0119 FB naszego konkursu https:\/\/www.facebook.com\/polonijnyrodzicna6\/ i oraz stron\u0119 FB Dobrej Szko\u0142y Nowy Jork https:\/\/www.facebook.com\/dobraszkolanowyjork<\/p>\n","protected":false},"author":1,"featured_media":1122,"comment_status":"closed","ping_status":"open","sticky":false,"template":"","format":"standard","meta":{"footnotes":""},"categories":[2],"tags":[],"class_list":["post-1101","post","type-post","status-publish","format-standard","has-post-thumbnail","hentry","category-aktualnosci"],"_links":{"self":[{"href":"https:\/\/www.polonijnyrodzicna6.com\/index.php\/wp-json\/wp\/v2\/posts\/1101","targetHints":{"allow":["GET"]}}],"collection":[{"href":"https:\/\/www.polonijnyrodzicna6.com\/index.php\/wp-json\/wp\/v2\/posts"}],"about":[{"href":"https:\/\/www.polonijnyrodzicna6.com\/index.php\/wp-json\/wp\/v2\/types\/post"}],"author":[{"embeddable":true,"href":"https:\/\/www.polonijnyrodzicna6.com\/index.php\/wp-json\/wp\/v2\/users\/1"}],"replies":[{"embeddable":true,"href":"https:\/\/www.polonijnyrodzicna6.com\/index.php\/wp-json\/wp\/v2\/comments?post=1101"}],"version-history":[{"count":4,"href":"https:\/\/www.polonijnyrodzicna6.com\/index.php\/wp-json\/wp\/v2\/posts\/1101\/revisions"}],"predecessor-version":[{"id":1227,"href":"https:\/\/www.polonijnyrodzicna6.com\/index.php\/wp-json\/wp\/v2\/posts\/1101\/revisions\/1227"}],"wp:featuredmedia":[{"embeddable":true,"href":"https:\/\/www.polonijnyrodzicna6.com\/index.php\/wp-json\/wp\/v2\/media\/1122"}],"wp:attachment":[{"href":"https:\/\/www.polonijnyrodzicna6.com\/index.php\/wp-json\/wp\/v2\/media?parent=1101"}],"wp:term":[{"taxonomy":"category","embeddable":true,"href":"https:\/\/www.polonijnyrodzicna6.com\/index.php\/wp-json\/wp\/v2\/categories?post=1101"},{"taxonomy":"post_tag","embeddable":true,"href":"https:\/\/www.polonijnyrodzicna6.com\/index.php\/wp-json\/wp\/v2\/tags?post=1101"}],"curies":[{"name":"wp","href":"https:\/\/api.w.org\/{rel}","templated":true}]}}